{"id":1,"count":51,"description":"\r\nKedves M\u00fazeumunk Ir\u00e1nt \u00c9rdekl\u0151d\u0151k!\r\n\r\nSzomor\u00faan tapasztaltuk, hogy gy\u0171jtem\u00e9ny\u00fcnk egy m\u0171v\u00e9szett\u00f6rt\u00e9neti szempontb\u00f3l kiemelked\u0151 jelent\u0151s\u00e9g\u0171 darabja n\u00e9h\u00e1ny hete gyors \u00fctem\u0171, szinte napr\u00f3l napra \u00e9rz\u00e9kelhet\u0151 roml\u00e1snak indult. A soproni polg\u00e1rh\u00e1zasp\u00e1rt \u00e1br\u00e1zol\u00f3 renesz\u00e1nsz portr\u00e9p\u00e1rb\u00f3l a f\u00e9rfir\u0151l k\u00e9sz\u00fclt arck\u00e9pr\u0151l van sz\u00f3, amelyet 1901-ben adom\u00e1nyozott gy\u00fclekezet\u00fcnknek Eckel \u00c1gost. A mell\u00e9kelt k\u00e9pen j\u00f3l l\u00e1that\u00f3 a portr\u00e9 jelenlegi \u00e1llapota.\r\nA restaur\u00e1l\u00e1s k\u00f6lts\u00e9geit, mint v\u00e1ratlan kiad\u00e1st jelenleg sajnos nem tudjuk el\u0151teremteni, a festm\u00e9nynek viszont azonnali beavatkoz\u00e1sra van sz\u00fcks\u00e9ge. Biztosak vagyunk benne, hogy gy\u00fclekezet\u00fcnk t\u00f6rt\u00e9nelmi eml\u00e9kezet\u00e9nek \u00e1pol\u00e1s\u00e1t sokan viselik sz\u00edv\u00fck\u00f6n, ez\u00e9rt fordulunk bizalommal gy\u00fclekezeti tagjaink \u00e9s a soproni m\u0171p\u00e1rtol\u00f3k fel\u00e9. K\u00e9rj\u00fck, t\u00e1mogass\u00e1k adom\u00e1nyaikkal a festm\u00e9ny restaur\u00e1l\u00e1s\u00e1t, h\u00e1l\u00e1b\u00f3l minden n\u00e9vvel adakoz\u00f3t k\u00e9t ki\u00e1ll\u00edt\u00e1s bel\u00e9p\u0151vel aj\u00e1nd\u00e9kozunk meg 2015-ben \u00fajrany\u00edlt \u00e1lland\u00f3 ki\u00e1ll\u00edt\u00e1sunkon.\r\nC\u00e9lzott adom\u00e1nyaikat a Soproni Evang\u00e9likus Egyh\u00e1zk\u00f6zs\u00e9g sz\u00e1mlasz\u00e1m\u00e1n v\u00e1rjuk (11737083-20006895), a megjegyz\u00e9sben legyenek sz\u00edvesek felt\u00fcntetni: \u201erestaur\u00e1l\u00e1s\u201d. Szem\u00e9lyesen munkaid\u0151ben a Soproni Evang\u00e9likus Lev\u00e9lt\u00e1rban, h\u00e9tv\u00e9gente a Soproni Evang\u00e9likus M\u00fazeumban (mindkett\u0151 a gy\u00fclekezeti h\u00e1z f\u00f6ldszintj\u00e9n tal\u00e1lhat\u00f3, Sz\u00ednh\u00e1z u. 27.) tehetnek felaj\u00e1nl\u00e1st.\r\nH\u00e1l\u00e1s sz\u00edvvel fogadunk minden seg\u00edts\u00e9get!\r\n\r\nSopron, 2016. m\u00e1rcius 18.\r\n\r\nK\u00f6sz\u00f6nettel: a Soproni Evang\u00e9likus M\u00fazeum\r\n\r\n \r\n","link":"https:\/\/sopronigyujtemenyek.lutheran.hu\/?cat=1","name":"Legfrissebb","slug":"legfrissebb","taxonomy":"category","parent":0,"meta":[],"_links":{"self":[{"href":"https:\/\/sopronigyujtemenyek.lutheran.hu\/index.php?rest_route=\/wp\/v2\/categories\/1","targetHints":{"allow":["GET"]}}],"collection":[{"href":"https:\/\/sopronigyujtemenyek.lutheran.hu\/index.php?rest_route=\/wp\/v2\/categories"}],"about":[{"href":"https:\/\/sopronigyujtemenyek.lutheran.hu\/index.php?rest_route=\/wp\/v2\/taxonomies\/category"}],"wp:post_type":[{"href":"https:\/\/sopronigyujtemenyek.lutheran.hu\/index.php?rest_route=%2Fwp%2Fv2%2Fposts&categories=1"}],"curies":[{"name":"wp","href":"https:\/\/api.w.org\/{rel}","templated":true}]}}